{"id":385,"date":"2021-10-28T07:57:12","date_gmt":"2021-10-28T07:57:12","guid":{"rendered":"https:\/\/www.parafiascinawkasrednia.pl\/?p=385"},"modified":"2026-08-30T21:09:57","modified_gmt":"2026-08-30T21:09:57","slug":"intencje","status":"publish","type":"post","link":"https:\/\/www.parafiascinawkasrednia.pl\/?p=385","title":{"rendered":"Intencje"},"content":{"rendered":"<p style=\"text-align: center;\"><span style=\"font-size: 18pt;\"><strong>INTENCJE MSZY \u015aWI\u0118TEJ<\/strong><\/span><\/p>\n<p style=\"text-align: center;\"><strong>31 sierpnia &#8211; 6 wrze\u015bnia 2026 r.<\/strong><\/p>\n<p><strong>Poniedzia\u0142ek (31.08.2026 r.) \u00a0\u00a0\u00a0\u00a0\u00a0\u00a0\u00a0\u00a0\u00a0\u00a0 <\/strong><\/p>\n<p>godz. 18.00<\/p>\n<p>1) O Bo\u017ce b\u0142ogos\u0142awie\u0144stwo, \u0142ask\u0119 zdrowia i opiek\u0119 Anio\u0142a Str\u00f3\u017ca dla Patryka CHR\u00d3\u015aCICKIEGO z okazji roczku, a tak\u017ce o wstawiennictwo Matki Naj\u015bwi\u0119tszej dla jego rodzic\u00f3w i bliskich<\/p>\n<p>2) <strong>\u2020<\/strong> Jan SO\u0141TYS (int. od kuzynki Stefani Mas\u0142owskiej z rodzin\u0105 z Lubomierza)<\/p>\n<p><strong>Wtorek (1.09.2026 r.) \u00a0\u00a0\u00a0\u00a0\u00a0\u00a0\u00a0\u00a0\u00a0 <\/strong><\/p>\n<p>godz. 8.00 &#8211; Msza \u015bw. na rozpocz\u0119cie nowego Roku Szkolnego i Katechetycznego<\/p>\n<p>godz. 18.00<\/p>\n<p>1) <strong>\u2020<\/strong> Stefan DOMAGA\u0141A (intencja od uczestnik\u00f3w pogrzebu)<\/p>\n<p>2) <strong>\u2020<\/strong> W\u0142adys\u0142aw WOJCIACZYK (int. od Miros\u0142awa Jankowskiego z rodzin\u0105)<\/p>\n<p><strong>\u015aroda (2.09.2026 r.)<\/strong><\/p>\n<p>godz. 18.00<\/p>\n<p>1) <strong>\u2020<\/strong> Helena ROG\u00d3Z (intencja od uczestnik\u00f3w pogrzebu)<\/p>\n<p>2) <strong>\u2020<\/strong> Helena BURNUS (intencja od rodziny Ba\u0142abuch)<\/p>\n<p><strong>Czwartek (3.09.2026 r.)<\/strong><\/p>\n<p>godz. 18.00<\/p>\n<p>1) <strong>\u2020 <\/strong>Janina ZIEMNICKA (z domu Hanusiewicz)<\/p>\n<p>2) <strong>\u2020<\/strong> Jan KORZE\u0143 (intencja od s\u0105siad\u00f3w z ul. Wojska Polskiego)<\/p>\n<p><strong>Pi\u0105tek (4.09.2026 r.) <\/strong><\/p>\n<p>godz. 18.00<\/p>\n<p>1) <strong>\u2020\u2020<\/strong> \u0141ucja i Tadeusz J\u0118DRUSIAK, oraz za zmar\u0142ych z rodziny<\/p>\n<p>2) <strong>\u2020<\/strong> Grzegorz KANCELARZ (intencja od chrzestnej Krystyny z rodzin\u0105)<\/p>\n<p><strong>Sobota (5.09.2026 r.)<\/strong><\/p>\n<p>godz. 18.00<\/p>\n<p>1) Dzi\u0119kczynna za wszelkie otrzymane \u0142aski, z pro\u015bb\u0105 o Bo\u017ce b\u0142ogos\u0142awie\u0144stwo, potrzebne zdrowie i si\u0142y w dalszym wsp\u00f3lnym \u017cyciu ma\u0142\u017ce\u0144skim dla Pa\u0144stwa Anity i Tomasza z okazji 20 rocznicy \u015blubu, a tak\u017ce o wzajemn\u0105 i opiek\u0119 Matki Naj\u015bwi\u0119tszej<\/p>\n<p>2) <strong>\u2020<\/strong> Zdzis\u0142awa W\u00d3JCIKOWSKA (intencja od s\u0105siad\u00f3w z ul. Ko\u015bciuszki)<strong>\u00a0<\/strong><\/p>\n<p><strong>Niedziela (6.09.2026 r.) \u00a0\u00a0\u00a0\u00a0\u00a0\u00a0 <\/strong><\/p>\n<p>godz. 8.00 &#8211; <strong>\u2020\u2020<\/strong> J\u00f3zef KORUS (37 r. \u015bm.), Stanis\u0142awa KORUS (9 r. \u015bm.),\u00a0Marian KORUS (3 r. \u015bm.), oraz za zmar\u0142ych z rodziny: KORUS i WS\u00d3\u0141<\/p>\n<p>godz. 10.30 &#8211; <strong>\u2020\u2020<\/strong> Zuzanna, Zofia, Jan \u0141USZCZEK, oraz za zmar\u0142ych rodzic\u00f3w<\/p>\n<p>godz. 12.00 &#8211; O Bo\u017ce b\u0142ogos\u0142awie\u0144stwo, potrzebne \u0142aski i opiek\u0119 Matki Naj\u015bwi\u0119tszej dla Cz\u0142onk\u00f3w \u017bywego R\u00f3\u017ca\u0144ca z naszej Parafii i ich rodzin, a dla zmar\u0142ych o mi\u0142osierdzie i rado\u015b\u0107 nieba<\/p>\n","protected":false},"excerpt":{"rendered":"<p>INTENCJE MSZY \u015aWI\u0118TEJ 31 sierpnia &#8211; 6 wrze\u015bnia 2026 r. Poniedzia\u0142ek (31.08.2026 r.) \u00a0\u00a0\u00a0\u00a0\u00a0\u00a0\u00a0\u00a0\u00a0\u00a0 godz. 18.00 1) O Bo\u017ce b\u0142ogos\u0142awie\u0144stwo, \u0142ask\u0119 zdrowia i opiek\u0119 Anio\u0142a Str\u00f3\u017ca dla Patryka CHR\u00d3\u015aCICKIEGO z okazji roczku, a tak\u017ce o wstawiennictwo Matki Naj\u015bwi\u0119tszej dla jego rodzic\u00f3w i bliskich 2) \u2020 Jan SO\u0141TYS (int. od kuzynki Stefani Mas\u0142owskiej z rodzin\u0105 z &hellip; <a href=\"https:\/\/www.parafiascinawkasrednia.pl\/?p=385\" class=\"more-link\">Czytaj dalej <span class=\"screen-reader-text\">Intencje<\/span><\/a><\/p>\n","protected":false},"author":2,"featured_media":0,"comment_status":"closed","ping_status":"open","sticky":false,"template":"","format":"standard","meta":{"footnotes":""},"categories":[1],"tags":[60,38,36,68,67,71,74,72,32,35,75,73,59],"class_list":["post-385","post","type-post","status-publish","format-standard","hentry","category-uncategorized","tag-czwartek","tag-intencje","tag-kosciol","tag-msza","tag-msze","tag-niedziela","tag-piatek","tag-poniedzialek","tag-scinawka","tag-scinawka-srednia","tag-sobota","tag-sroda","tag-wtorek"],"_links":{"self":[{"href":"https:\/\/www.parafiascinawkasrednia.pl\/index.php?rest_route=\/wp\/v2\/posts\/385","targetHints":{"allow":["GET"]}}],"collection":[{"href":"https:\/\/www.parafiascinawkasrednia.pl\/index.php?rest_route=\/wp\/v2\/posts"}],"about":[{"href":"https:\/\/www.parafiascinawkasrednia.pl\/index.php?rest_route=\/wp\/v2\/types\/post"}],"author":[{"embeddable":true,"href":"https:\/\/www.parafiascinawkasrednia.pl\/index.php?rest_route=\/wp\/v2\/users\/2"}],"replies":[{"embeddable":true,"href":"https:\/\/www.parafiascinawkasrednia.pl\/index.php?rest_route=%2Fwp%2Fv2%2Fcomments&post=385"}],"version-history":[{"count":319,"href":"https:\/\/www.parafiascinawkasrednia.pl\/index.php?rest_route=\/wp\/v2\/posts\/385\/revisions"}],"predecessor-version":[{"id":1481,"href":"https:\/\/www.parafiascinawkasrednia.pl\/index.php?rest_route=\/wp\/v2\/posts\/385\/revisions\/1481"}],"wp:attachment":[{"href":"https:\/\/www.parafiascinawkasrednia.pl\/index.php?rest_route=%2Fwp%2Fv2%2Fmedia&parent=385"}],"wp:term":[{"taxonomy":"category","embeddable":true,"href":"https:\/\/www.parafiascinawkasrednia.pl\/index.php?rest_route=%2Fwp%2Fv2%2Fcategories&post=385"},{"taxonomy":"post_tag","embeddable":true,"href":"https:\/\/www.parafiascinawkasrednia.pl\/index.php?rest_route=%2Fwp%2Fv2%2Ftags&post=385"}],"curies":[{"name":"wp","href":"https:\/\/api.w.org\/{rel}","templated":true}]}}