{"id":388,"date":"2021-10-28T07:59:15","date_gmt":"2021-10-28T07:59:15","guid":{"rendered":"https:\/\/www.parafiascinawkasrednia.pl\/?p=388"},"modified":"2026-08-30T21:12:45","modified_gmt":"2026-08-30T21:12:45","slug":"ogloszenia-duszpasterskie","status":"publish","type":"post","link":"https:\/\/www.parafiascinawkasrednia.pl\/?p=388","title":{"rendered":"Og\u0142oszenia duszpasterskie"},"content":{"rendered":"<p style=\"text-align: center;\"><span style=\"font-size: 18pt;\"><strong><u>OG\u0141OSZENIA\u00a0 PARAFIALNE<\/u><\/strong><\/span><strong>\u00a0<\/strong><\/p>\n<p style=\"text-align: center;\"><strong>XXII NIEDZIELA ZWYK\u0141A <\/strong><\/p>\n<p style=\"text-align: center;\"><strong>30.08.2026 r.<\/strong><\/p>\n<ol>\n<li>Prze\u017cywamy XXII Niedziel\u0119 Zwyk\u0142\u0105 &#8211; ostatni\u0105 niedziel\u0119 sierpnia. Dzisiaj o godz. 12.00 b\u0119dzie Uroczysta Msza \u015bw. dzi\u0119kczynna za tegoroczne plony z modlitw\u0105 w intencji rolnik\u00f3w, sadownik\u00f3w, ogrodnik\u00f3w, pszczelarzy i ich rodzin.<\/li>\n<li>We wtorek (1 wrze\u015bnia) z racji rozpoczynaj\u0105cego si\u0119 Roku Szkolnego i Katechetycznego, zapraszam dzieci i m\u0142odzie\u017c wraz z rodzicami, na Msz\u0119 \u015bw. o godz. 8.00, a p\u00f3\u017aniej o godz. 9.00 w naszej Szkole b\u0119dzie rozpocz\u0119cie nowego etapu nauki.<\/li>\n<li>W czwartek b\u0119dziemy obchodzi\u0107 wspomnienie \u015bw. Grzegorza Wielkiego, papie\u017ca i Doktora Ko\u015bcio\u0142a.<\/li>\n<li>W tym tygodniu przypada I-szy czwartek, pi\u0105tek, sobota i niedziela miesi\u0105ca. W czwartek po Mszy \u015bw. zapraszam do wsp\u00f3lnej modlitwy o nowe powo\u0142ania kap\u0142a\u0144skie, zakonne i misyjne. W pi\u0105tek po Mszy \u015bw. wystawienie Naj\u015bwi\u0119tszego Sakramentu i modlitwa z Litania do Naj\u015bwi\u0119tszego Serca Pana Jezusa. Pierwsza sobota miesi\u0105ca to dzie\u0144 czci Niepokalanego Serca NMP, w tym dniu kap\u0142an odwiedzi w domach chorych z pos\u0142ug\u0105 sakramentaln\u0105. W niedziel\u0119 po Mszy \u015bw. o godz. 12.00 b\u0119dzie zmiana Tajemnic \u017bywego R\u00f3\u017ca\u0144ca.<\/li>\n<li>Spowied\u017a \u015bw. w naszym ko\u015bciele jest w tygodniu od godz. 17.30 &#8211; 18.00<\/li>\n<li>Caritas Diecezji \u015awidnickiej i Parafia w \u015acinawce Dolnej zaprasza w najbli\u017csz\u0105 sobot\u0119 (5 wrze\u015bnia) na Msz\u0119 \u015bw. o godz. 14.30, a po niej na wystaw\u0119 po\u015bwi\u0119con\u0105 skutkom powodzi z 2024 r. oraz na Piknik Rodzinny, podczas kt\u00f3rego na uczestnik\u00f3w czeka\u0107 b\u0119dzie wiele atrakcji.<\/li>\n<li>W minion\u0105 \u015brod\u0119, w uroczysto\u015b\u0107 NMP Cz\u0119stochowskiej, rozpocz\u0119\u0142a si\u0119 w naszej diecezji \u015bwidnickiej peregrynacja Obrazu Jasnog\u00f3rskiej Pani. Maryja, obecna w swoim cudownym wizerunku, nawiedza kolejne parafie naszej diecezji, przynosz\u0105c nam swoj\u0105 matczyn\u0105 obecno\u015b\u0107, otuch\u0119 i zaproszenie do jeszcze g\u0142\u0119bszego zaufania Bogu. To szczeg\u00f3lny czas \u0142aski, modlitwy i duchowego odnowienia naszych wsp\u00f3lnot, rodzin, a tak\u017ce ka\u017cdego z nas. Z wielk\u0105 rado\u015bci\u0105 i nadziej\u0105 oczekujemy na dzie\u0144, w kt\u00f3rym Matka Naj\u015bwi\u0119tsza przyb\u0119dzie r\u00f3wnie\u017c do naszej Parafii. Obraz Matki Bo\u017cej Cz\u0119stochowskiej zago\u015bci w naszej wsp\u00f3lnocie 16 i 17 listopada. Ju\u017c dzi\u015b zach\u0119camy wszystkich, aby dobrze przygotowa\u0107 swoje serca na to wyj\u0105tkowe nawiedzenie.<\/li>\n<li>Do nabycia jest prasa katolicka: Go\u015b\u0107 Niedzielny i Niedziela<strong>\u00a0<\/strong><\/li>\n<\/ol>\n<p style=\"text-align: center;\"><strong>Parafianom \u017cycz\u0119 dobrego i spokojnego \u015bwi\u0119towania niedzieli oraz b\u0142ogos\u0142awionego nowego tygodnia. Dzieciom i m\u0142odzie\u017cy na rozpoczynaj\u0105cy si\u0119 nowy Rok Szkolny i Katechetyczny <\/strong><strong>\u017cycz\u0119 du\u017co energii i zapa\u0142u w poznawaniu Boga, cz\u0142owieka i \u015bwiata, a w<\/strong><strong>szystkim nauczycielom, wychowawcom i katechetom \u017cycz\u0119 dobrej i owocnej pracy w wychowaniu m\u0142odego pokolenia.<\/strong><\/p>\n","protected":false},"excerpt":{"rendered":"<p>OG\u0141OSZENIA\u00a0 PARAFIALNE\u00a0 XXII NIEDZIELA ZWYK\u0141A 30.08.2026 r. Prze\u017cywamy XXII Niedziel\u0119 Zwyk\u0142\u0105 &#8211; ostatni\u0105 niedziel\u0119 sierpnia. Dzisiaj o godz. 12.00 b\u0119dzie Uroczysta Msza \u015bw. dzi\u0119kczynna za tegoroczne plony z modlitw\u0105 w intencji rolnik\u00f3w, sadownik\u00f3w, ogrodnik\u00f3w, pszczelarzy i ich rodzin. We wtorek (1 wrze\u015bnia) z racji rozpoczynaj\u0105cego si\u0119 Roku Szkolnego i Katechetycznego, zapraszam dzieci i m\u0142odzie\u017c wraz &hellip; <a href=\"https:\/\/www.parafiascinawkasrednia.pl\/?p=388\" class=\"more-link\">Czytaj dalej <span class=\"screen-reader-text\">Og\u0142oszenia duszpasterskie<\/span><\/a><\/p>\n","protected":false},"author":2,"featured_media":0,"comment_status":"closed","ping_status":"open","sticky":false,"template":"","format":"gallery","meta":{"footnotes":""},"categories":[1],"tags":[76,36,68,67,69,39,31,56,70,32,35],"class_list":["post-388","post","type-post","status-publish","format-gallery","hentry","category-uncategorized","tag-duszpasterskie","tag-kosciol","tag-msza","tag-msze","tag-ogloszenia","tag-ogloszenia-parafialne","tag-parafia","tag-parafialna","tag-prasa-katolicka","tag-scinawka","tag-scinawka-srednia","post_format-post-format-gallery"],"_links":{"self":[{"href":"https:\/\/www.parafiascinawkasrednia.pl\/index.php?rest_route=\/wp\/v2\/posts\/388","targetHints":{"allow":["GET"]}}],"collection":[{"href":"https:\/\/www.parafiascinawkasrednia.pl\/index.php?rest_route=\/wp\/v2\/posts"}],"about":[{"href":"https:\/\/www.parafiascinawkasrednia.pl\/index.php?rest_route=\/wp\/v2\/types\/post"}],"author":[{"embeddable":true,"href":"https:\/\/www.parafiascinawkasrednia.pl\/index.php?rest_route=\/wp\/v2\/users\/2"}],"replies":[{"embeddable":true,"href":"https:\/\/www.parafiascinawkasrednia.pl\/index.php?rest_route=%2Fwp%2Fv2%2Fcomments&post=388"}],"version-history":[{"count":357,"href":"https:\/\/www.parafiascinawkasrednia.pl\/index.php?rest_route=\/wp\/v2\/posts\/388\/revisions"}],"predecessor-version":[{"id":1482,"href":"https:\/\/www.parafiascinawkasrednia.pl\/index.php?rest_route=\/wp\/v2\/posts\/388\/revisions\/1482"}],"wp:attachment":[{"href":"https:\/\/www.parafiascinawkasrednia.pl\/index.php?rest_route=%2Fwp%2Fv2%2Fmedia&parent=388"}],"wp:term":[{"taxonomy":"category","embeddable":true,"href":"https:\/\/www.parafiascinawkasrednia.pl\/index.php?rest_route=%2Fwp%2Fv2%2Fcategories&post=388"},{"taxonomy":"post_tag","embeddable":true,"href":"https:\/\/www.parafiascinawkasrednia.pl\/index.php?rest_route=%2Fwp%2Fv2%2Ftags&post=388"}],"curies":[{"name":"wp","href":"https:\/\/api.w.org\/{rel}","templated":true}]}}