{"id":391,"date":"2021-10-28T08:00:46","date_gmt":"2021-10-28T08:00:46","guid":{"rendered":"https:\/\/www.parafiascinawkasrednia.pl\/?p=391"},"modified":"2026-08-24T12:16:05","modified_gmt":"2026-08-24T12:16:05","slug":"aktualnosci","status":"publish","type":"post","link":"https:\/\/www.parafiascinawkasrednia.pl\/?p=391","title":{"rendered":"Aktualno\u015bci"},"content":{"rendered":"<div class=\"row no-gutters wow fadeInLeft animated\">\n<div class=\"col-12\">\n<p style=\"text-align: center;\"><strong>Parafia pw. \u015bw. Marii Magdaleny\u00a0<\/strong><strong>w \u015acinawce \u015aredniej<\/strong><\/p>\n<p><img decoding=\"async\" src=\"https:\/\/diecezja.swidnica.pl\/photos\/Peregrynacja%20Obrazu%20MB%20Cz%C4%99stochowskiej\/grafika%20Peregrynacja%20obrazu%20MB%20Cz%C4%99stochowskiej_1.jpg\" alt=\"Peregrynacja Obrazu Matki Bo\u017cej Cz\u0119stochowskiej\" \/><\/p>\n<\/div>\n<\/div>\n<p style=\"text-align: center;\"><strong>Jasnog\u00f3rska Matko: jestem, pami\u0119tam, czuwam!<\/strong><\/p>\n<p style=\"text-align: center;\"><strong><em>Komunikatu biskupa \u015bwidnickiego zapowiadaj\u0105cego Nowenn\u0119 przed rozpocz\u0119ciem Nawiedzenia Obrazu Jasnog\u00f3rskiego w diecezji \u015bwidnickiej<\/em><\/strong><\/p>\n<p>Umi\u0142owani w Chrystusie Panu, Siostry i Bracia!<\/p>\n<p style=\"text-align: center;\">Powoli ko\u0144czy si\u0119 Jubileuszowy Rok 2025. Ufam, \u017ce wielu skorzysta\u0142o z nadprzyrodzonych dar\u00f3w, jakie zosta\u0142y przypisane do pobo\u017cnych praktyk tego Czasu \u0141aski.\u00a0W pierwsz\u0105 Niedziel\u0119 Adwentu informuj\u0119, \u017ce 26 sierpnia 2026 r. na Jasnej G\u00f3rze rozpoczniemy Peregrynacj\u0119 Obrazu Matki Bo\u017cej Jasnog\u00f3rskiej w diecezji \u015bwidnickiej. To b\u0119dzie pi\u0119kne przed\u0142u\u017cenie trwaj\u0105cego Czasu \u0141aski. Nawiedzenie Obrazu potrwa do ko\u0144ca kwietnia 2027 r. Trzeba, aby\u015bmy na ten czas mo\u017cliwie najlepiej si\u0119 przygotowali. Zwr\u00f3ci\u0142em si\u0119 te\u017c z pro\u015bb\u0105 do Genera\u0142a Ojc\u00f3w Paulin\u00f3w, aby na bezpo\u015brednie spotkanie z Matk\u0105 Bo\u017c\u0105 przygotowali nas w\u0142a\u015bnie Ojcowie Paulini, kt\u00f3rzy s\u0105 kustoszami Ikony Czarnej Madonny na Jasnej G\u00f3rze. Obraz Jasnog\u00f3rskiej Pani jest nam wszystkim bardzo bliski. Wprawdzie diecezja istnieje zaledwie od 2004 r., to ruch pielgrzymkowy od lat powojennych z wielu miejsc naszej diecezji nieustannie trwa\u0142. Szli\u015bmy na Jasn\u0105 G\u00f3r\u0119 do Maryi jako pielgrzymi naszej wiary i nadziei. Tak\u017ce ci, kt\u00f3rzy duchowo \u0142\u0105czyli si\u0119 z id\u0105cymi na Jasn\u0105 G\u00f3r\u0119, zawsze mieli przekonanie, \u017ce Maryja nas wspiera, stale pomaga i daje pocieszenie. Tym razem Maryja &#8211; w znaku Jasnog\u00f3rskiej Ikony &#8211; przychodzi do nas. Bardzo chc\u0119, aby\u015bmy mo\u017cliwie najlepiej przygotowali si\u0119 na to wydarzenie w naszych parafiach. Dlatego prosz\u0119, aby przez najbli\u017csze dziewi\u0119\u0107 miesi\u0119cy od pierwszej niedzieli grudnia do sierpnia przysz\u0142ego roku w ka\u017cdej parafii w pierwsz\u0105 niedziel\u0119 miesi\u0105ca odbywa\u0142o si\u0119 nabo\u017ce\u0144stwo, podczas kt\u00f3rego b\u0119dziemy prosi\u0107 Pana Boga o obfite owoce tego czasu.\u00a0Wszystkich wiernych gor\u0105co prosz\u0119 o modlitw\u0119 w intencji owocnego wykorzystania czasu Nawiedzenia przez Maryj\u0119 w znaku Jasnog\u00f3rskiego Obrazu.<\/p>\n<p style=\"text-align: right;\"><strong>\u2020 Marek Mendyk<br \/>\nbiskup \u015bwidnicki<\/strong><\/p>\n<p style=\"text-align: center;\"><strong>KALENDARIUM PEREGRYNACJI <\/strong><\/p>\n<p style=\"text-align: center;\"><strong>IKONY MATKI BOSKIEJ CZ\u0118STOCHOWSKIEJ<\/strong><\/p>\n<p style=\"text-align: center;\"><strong>W DIECEZJI \u015aWIDNICKIEJ<\/strong><\/p>\n<p style=\"text-align: center;\"><span style=\"font-size: 12pt;\"><strong><u>DEKANAT NOWA RUDA S\u0141UPIEC &#8211; 6 parafii <\/u><\/strong><\/span><\/p>\n<p><span style=\"font-size: 12pt;\">15 XI (NIEDZIELA) &#8211;\u00a0 NOWA RUDA S\u0141UPIEC \u2013 \u015aW. KATARZYNA\u2013 (1)<\/span><\/p>\n<p><span style=\"font-size: 12pt;\">16 XI (PONIEDZIA\u0141EK) \u2013 \u015aCINAWKA \u015aREDNIA \u2013 (2)<\/span><\/p>\n<p><span style=\"font-size: 12pt;\">17 XI (WTOREK) \u2013 \u015aCINAWKA DOLNA \u2013 (3)<\/span><\/p>\n<p><span style=\"font-size: 12pt;\">18 XI (\u015aRODA) \u2013\u00a0\u00a0 BO\u017bK\u00d3W \u2013 (4)<\/span><\/p>\n<p><span style=\"font-size: 12pt;\">19 XI (CZWARTEK) \u2013 WAMBIERZYCE &#8211; (5)<\/span><\/p>\n<p><span style=\"font-size: 12pt;\">20 XI (PI\u0104TEK) \u00a0&#8211; RADK\u00d3W \u2013 (6)<\/span><\/p>\n","protected":false},"excerpt":{"rendered":"<p>Parafia pw. \u015bw. Marii Magdaleny\u00a0w \u015acinawce \u015aredniej Jasnog\u00f3rska Matko: jestem, pami\u0119tam, czuwam! Komunikatu biskupa \u015bwidnickiego zapowiadaj\u0105cego Nowenn\u0119 przed rozpocz\u0119ciem Nawiedzenia Obrazu Jasnog\u00f3rskiego w diecezji \u015bwidnickiej Umi\u0142owani w Chrystusie Panu, Siostry i Bracia! Powoli ko\u0144czy si\u0119 Jubileuszowy Rok 2025. Ufam, \u017ce wielu skorzysta\u0142o z nadprzyrodzonych dar\u00f3w, jakie zosta\u0142y przypisane do pobo\u017cnych praktyk tego Czasu \u0141aski.\u00a0W pierwsz\u0105 &hellip; <a href=\"https:\/\/www.parafiascinawkasrednia.pl\/?p=391\" class=\"more-link\">Czytaj dalej <span class=\"screen-reader-text\">Aktualno\u015bci<\/span><\/a><\/p>\n","protected":false},"author":2,"featured_media":0,"comment_status":"closed","ping_status":"open","sticky":false,"template":"","format":"image","meta":{"footnotes":""},"categories":[1],"tags":[77,36,32,35],"class_list":["post-391","post","type-post","status-publish","format-image","hentry","category-uncategorized","tag-aktualnosci-parafia","tag-kosciol","tag-scinawka","tag-scinawka-srednia","post_format-post-format-image"],"_links":{"self":[{"href":"https:\/\/www.parafiascinawkasrednia.pl\/index.php?rest_route=\/wp\/v2\/posts\/391","targetHints":{"allow":["GET"]}}],"collection":[{"href":"https:\/\/www.parafiascinawkasrednia.pl\/index.php?rest_route=\/wp\/v2\/posts"}],"about":[{"href":"https:\/\/www.parafiascinawkasrednia.pl\/index.php?rest_route=\/wp\/v2\/types\/post"}],"author":[{"embeddable":true,"href":"https:\/\/www.parafiascinawkasrednia.pl\/index.php?rest_route=\/wp\/v2\/users\/2"}],"replies":[{"embeddable":true,"href":"https:\/\/www.parafiascinawkasrednia.pl\/index.php?rest_route=%2Fwp%2Fv2%2Fcomments&post=391"}],"version-history":[{"count":153,"href":"https:\/\/www.parafiascinawkasrednia.pl\/index.php?rest_route=\/wp\/v2\/posts\/391\/revisions"}],"predecessor-version":[{"id":1475,"href":"https:\/\/www.parafiascinawkasrednia.pl\/index.php?rest_route=\/wp\/v2\/posts\/391\/revisions\/1475"}],"wp:attachment":[{"href":"https:\/\/www.parafiascinawkasrednia.pl\/index.php?rest_route=%2Fwp%2Fv2%2Fmedia&parent=391"}],"wp:term":[{"taxonomy":"category","embeddable":true,"href":"https:\/\/www.parafiascinawkasrednia.pl\/index.php?rest_route=%2Fwp%2Fv2%2Fcategories&post=391"},{"taxonomy":"post_tag","embeddable":true,"href":"https:\/\/www.parafiascinawkasrednia.pl\/index.php?rest_route=%2Fwp%2Fv2%2Ftags&post=391"}],"curies":[{"name":"wp","href":"https:\/\/api.w.org\/{rel}","templated":true}]}}